{"id":39054,"date":"2023-11-24T15:55:15","date_gmt":"2023-11-24T19:55:15","guid":{"rendered":"https:\/\/amchamchile.cl\/?post_type=news&#038;p=39054"},"modified":"2023-11-27T15:55:49","modified_gmt":"2023-11-27T19:55:49","slug":"amcham-aborda-el-uso-de-la-inteligencia-artificial-en-beneficio-de-la-sociedad","status":"publish","type":"news","link":"https:\/\/amchamchile.cl\/en\/noticia\/amcham-aborda-el-uso-de-la-inteligencia-artificial-en-beneficio-de-la-sociedad\/","title":{"rendered":"AmCham aborda el uso de la inteligencia artificial en beneficio de la sociedad"},"content":{"rendered":"<h5 style=\"font-weight: 400;\">En el encuentro, los expositores profundizaron en la contribuci\u00f3n de la IA en el combate a los incendios forestales, la seguridad alimentaria y la salud p\u00fablica.<\/h5>\n<p style=\"font-weight: 400;\">La C\u00e1mara Chilena Norteamericana de Comercio, AmCham Chile, a trav\u00e9s del Comit\u00e9 de Inteligencia Artificial y Data, organiz\u00f3 un encuentro que tuvo el objetivo de abordar la contribuci\u00f3n de la Inteligencia Artificial aplicada en el combate a los incendios forestales, la seguridad alimentaria y la salud p\u00fablica.<\/p>\n<p style=\"font-weight: 400;\">El encuentro cont\u00f3 con la participaci\u00f3n de la jefa de asesores del Gabinete de la ministra de CienCiencia, Tecnolog\u00eda, Conocimiento e Innovaci\u00f3n, Virginia Garret\u00f3n; el Firefighting Intelligence Engineering Program Manager de Lockheed Martin, Tim Burdick; la Senior Manager Business Development de Lockheed Martin, Patricia Tobar; el jefe del equipo de investigaci\u00f3n del Centro Nacional de Inteligencia Artificial (CENIA), Cristi\u00e1n Buc; y el cofundador de CERO AI (YC S21), Jorge P\u00e9rez.<\/p>\n<p style=\"font-weight: 400;\">En representaci\u00f3n de AmCham participaron el director de AmCham y chair del Comit\u00e9 de Inteligencia Artificial y Data, Nicol\u00e1s Goldstein; el cochair Patricio Cofr\u00e9, y el Gerente de Asuntos P\u00fablicos de la C\u00e1mara, Salvador Maturana.<\/p>\n<p style=\"font-weight: 400;\">\u201cEn AmCham vemos que el desarrollo tecnol\u00f3gico y digital es fundamental para Chile, y adem\u00e1s uno de nuestros pilares estrat\u00e9gicos. Bajo este marco, creemos que la inteligencia artificial es una potente herramienta que ayudar\u00e1 a las personas para su mayor desarrollo y bienestar\u201d, se\u00f1al\u00f3 Goldstein.<\/p>\n<p><img loading=\"lazy\" decoding=\"async\" class=\"img-responsive alignnone wp-image-39055 size-full\" src=\"https:\/\/amchamchile.cl\/content\/uploads\/conversatorioia.jpg\" alt=\"\" width=\"1940\" height=\"700\" srcset=\"https:\/\/amchamchile.cl\/content\/uploads\/conversatorioia.jpg 1940w, https:\/\/amchamchile.cl\/content\/uploads\/conversatorioia-300x108.jpg 300w, https:\/\/amchamchile.cl\/content\/uploads\/conversatorioia-1024x369.jpg 1024w, https:\/\/amchamchile.cl\/content\/uploads\/conversatorioia-768x277.jpg 768w, https:\/\/amchamchile.cl\/content\/uploads\/conversatorioia-1536x554.jpg 1536w\" sizes=\"auto, (max-width: 1940px) 100vw, 1940px\" \/><\/p>\n<p style=\"font-weight: 400;\">Por su parte, los expositores compartieron m\u00e9tricas y ejemplos concretos que han permitido mejorar la calidad de vida y la eficiencia de los servicios a trav\u00e9s del uso de inteligencia artificial.<\/p>\n<p style=\"font-weight: 400;\">Asimismo, Patricia Tobar, Cristi\u00e1n Buc y Jorge P\u00e9rez abordaron la accesibilidad y escalabilidad en las aplicaciones de la inteligencia artificial para el uso p\u00fablico, garantizando que estas soluciones deben ser sostenibles a largo plazo.<\/p>\n","protected":false},"excerpt":{"rendered":"<p>En el encuentro, los expositores profundizaron en la contribuci\u00f3n de la IA en el combate a los incendios forestales, la seguridad alimentaria y la salud p\u00fablica.<\/p>\n","protected":false},"author":3,"featured_media":39057,"parent":0,"template":"","news_tax":[51,60],"user_type":[44,6],"class_list":["post-39054","news","type-news","status-publish","has-post-thumbnail","hentry","news_tax-amcham-al-dia","news_tax-comite-ia-data","user_type-actividades-amcham","user_type-general"],"acf":[],"yoast_head":"<!-- This site is optimized with the Yoast SEO plugin v27.2 - https:\/\/yoast.com\/product\/yoast-seo-wordpress\/ -->\n<title>AmCham aborda el uso de la inteligencia artificial en beneficio de la sociedad - AmCham Chile<\/title>\n<meta name=\"description\" content=\"En el encuentro, los expositores profundizaron en la contribuci\u00f3n de la IA en el combate a los incendios, la seguridad alimentaria y la salud p\u00fablica.\" \/>\n<meta name=\"robots\" content=\"index, follow, max-snippet:-1, max-image-preview:large, max-video-preview:-1\" \/>\n<link rel=\"canonical\" href=\"https:\/\/amchamchile.cl\/en\/noticia\/amcham-aborda-el-uso-de-la-inteligencia-artificial-en-beneficio-de-la-sociedad\/\" \/>\n<meta property=\"og:locale\" content=\"en_US\" \/>\n<meta property=\"og:type\" content=\"article\" \/>\n<meta property=\"og:title\" content=\"AmCham aborda el uso de la inteligencia artificial en beneficio de la sociedad - AmCham Chile\" \/>\n<meta property=\"og:description\" content=\"En el encuentro, los expositores profundizaron en la contribuci\u00f3n de la IA en el combate a los incendios, la seguridad alimentaria y la salud p\u00fablica.\" \/>\n<meta property=\"og:url\" content=\"https:\/\/amchamchile.cl\/en\/noticia\/amcham-aborda-el-uso-de-la-inteligencia-artificial-en-beneficio-de-la-sociedad\/\" \/>\n<meta property=\"og:site_name\" content=\"AmCham Chile\" \/>\n<meta property=\"article:modified_time\" content=\"2023-11-27T19:55:49+00:00\" \/>\n<meta property=\"og:image\" content=\"https:\/\/amchamchile.cl\/content\/uploads\/conversatorioia2.jpg\" \/>\n\t<meta property=\"og:image:width\" content=\"1940\" \/>\n\t<meta property=\"og:image:height\" content=\"1121\" \/>\n\t<meta property=\"og:image:type\" content=\"image\/jpeg\" \/>\n<meta name=\"twitter:card\" content=\"summary_large_image\" \/>\n<meta name=\"twitter:label1\" content=\"Est. reading time\" \/>\n\t<meta name=\"twitter:data1\" content=\"2 minutes\" \/>\n<script type=\"application\/ld+json\" class=\"yoast-schema-graph\">{\"@context\":\"https:\/\/schema.org\",\"@graph\":[{\"@type\":\"WebPage\",\"@id\":\"https:\/\/amchamchile.cl\/en\/noticia\/amcham-aborda-el-uso-de-la-inteligencia-artificial-en-beneficio-de-la-sociedad\/\",\"url\":\"https:\/\/amchamchile.cl\/en\/noticia\/amcham-aborda-el-uso-de-la-inteligencia-artificial-en-beneficio-de-la-sociedad\/\",\"name\":\"AmCham aborda el uso de la inteligencia artificial en beneficio de la sociedad - AmCham Chile\",\"isPartOf\":{\"@id\":\"https:\/\/amchamchile.cl\/#website\"},\"primaryImageOfPage\":{\"@id\":\"https:\/\/amchamchile.cl\/en\/noticia\/amcham-aborda-el-uso-de-la-inteligencia-artificial-en-beneficio-de-la-sociedad\/#primaryimage\"},\"image\":{\"@id\":\"https:\/\/amchamchile.cl\/en\/noticia\/amcham-aborda-el-uso-de-la-inteligencia-artificial-en-beneficio-de-la-sociedad\/#primaryimage\"},\"thumbnailUrl\":\"https:\/\/amchamchile.cl\/content\/uploads\/conversatorioia2.jpg\",\"datePublished\":\"2023-11-24T19:55:15+00:00\",\"dateModified\":\"2023-11-27T19:55:49+00:00\",\"description\":\"En el encuentro, los expositores profundizaron en la contribuci\u00f3n de la IA en el combate a los incendios, la seguridad alimentaria y la salud p\u00fablica.\",\"breadcrumb\":{\"@id\":\"https:\/\/amchamchile.cl\/en\/noticia\/amcham-aborda-el-uso-de-la-inteligencia-artificial-en-beneficio-de-la-sociedad\/#breadcrumb\"},\"inLanguage\":\"en-US\",\"potentialAction\":[{\"@type\":\"ReadAction\",\"target\":[\"https:\/\/amchamchile.cl\/en\/noticia\/amcham-aborda-el-uso-de-la-inteligencia-artificial-en-beneficio-de-la-sociedad\/\"]}]},{\"@type\":\"ImageObject\",\"inLanguage\":\"en-US\",\"@id\":\"https:\/\/amchamchile.cl\/en\/noticia\/amcham-aborda-el-uso-de-la-inteligencia-artificial-en-beneficio-de-la-sociedad\/#primaryimage\",\"url\":\"https:\/\/amchamchile.cl\/content\/uploads\/conversatorioia2.jpg\",\"contentUrl\":\"https:\/\/amchamchile.cl\/content\/uploads\/conversatorioia2.jpg\",\"width\":1940,\"height\":1121},{\"@type\":\"BreadcrumbList\",\"@id\":\"https:\/\/amchamchile.cl\/en\/noticia\/amcham-aborda-el-uso-de-la-inteligencia-artificial-en-beneficio-de-la-sociedad\/#breadcrumb\",\"itemListElement\":[{\"@type\":\"ListItem\",\"position\":1,\"name\":\"Home\",\"item\":\"https:\/\/amchamchile.cl\/en\/\"},{\"@type\":\"ListItem\",\"position\":2,\"name\":\"AmCham aborda el uso de la inteligencia artificial en beneficio de la sociedad\"}]},{\"@type\":\"WebSite\",\"@id\":\"https:\/\/amchamchile.cl\/#website\",\"url\":\"https:\/\/amchamchile.cl\/\",\"name\":\"AmCham Chile\",\"description\":\"C\u00e1mara Chilena Norteamericana de Comercio\",\"potentialAction\":[{\"@type\":\"SearchAction\",\"target\":{\"@type\":\"EntryPoint\",\"urlTemplate\":\"https:\/\/amchamchile.cl\/?s={search_term_string}\"},\"query-input\":{\"@type\":\"PropertyValueSpecification\",\"valueRequired\":true,\"valueName\":\"search_term_string\"}}],\"inLanguage\":\"en-US\"}]}<\/script>\n<!-- \/ Yoast SEO plugin. -->","yoast_head_json":{"title":"AmCham aborda el uso de la inteligencia artificial en beneficio de la sociedad - AmCham Chile","description":"En el encuentro, los expositores profundizaron en la contribuci\u00f3n de la IA en el combate a los incendios, la seguridad alimentaria y la salud p\u00fablica.","robots":{"index":"index","follow":"follow","max-snippet":"max-snippet:-1","max-image-preview":"max-image-preview:large","max-video-preview":"max-video-preview:-1"},"canonical":"https:\/\/amchamchile.cl\/en\/noticia\/amcham-aborda-el-uso-de-la-inteligencia-artificial-en-beneficio-de-la-sociedad\/","og_locale":"en_US","og_type":"article","og_title":"AmCham aborda el uso de la inteligencia artificial en beneficio de la sociedad - AmCham Chile","og_description":"En el encuentro, los expositores profundizaron en la contribuci\u00f3n de la IA en el combate a los incendios, la seguridad alimentaria y la salud p\u00fablica.","og_url":"https:\/\/amchamchile.cl\/en\/noticia\/amcham-aborda-el-uso-de-la-inteligencia-artificial-en-beneficio-de-la-sociedad\/","og_site_name":"AmCham Chile","article_modified_time":"2023-11-27T19:55:49+00:00","og_image":[{"width":1940,"height":1121,"url":"https:\/\/amchamchile.cl\/content\/uploads\/conversatorioia2.jpg","type":"image\/jpeg"}],"twitter_card":"summary_large_image","twitter_misc":{"Est. reading time":"2 minutes"},"schema":{"@context":"https:\/\/schema.org","@graph":[{"@type":"WebPage","@id":"https:\/\/amchamchile.cl\/en\/noticia\/amcham-aborda-el-uso-de-la-inteligencia-artificial-en-beneficio-de-la-sociedad\/","url":"https:\/\/amchamchile.cl\/en\/noticia\/amcham-aborda-el-uso-de-la-inteligencia-artificial-en-beneficio-de-la-sociedad\/","name":"AmCham aborda el uso de la inteligencia artificial en beneficio de la sociedad - AmCham Chile","isPartOf":{"@id":"https:\/\/amchamchile.cl\/#website"},"primaryImageOfPage":{"@id":"https:\/\/amchamchile.cl\/en\/noticia\/amcham-aborda-el-uso-de-la-inteligencia-artificial-en-beneficio-de-la-sociedad\/#primaryimage"},"image":{"@id":"https:\/\/amchamchile.cl\/en\/noticia\/amcham-aborda-el-uso-de-la-inteligencia-artificial-en-beneficio-de-la-sociedad\/#primaryimage"},"thumbnailUrl":"https:\/\/amchamchile.cl\/content\/uploads\/conversatorioia2.jpg","datePublished":"2023-11-24T19:55:15+00:00","dateModified":"2023-11-27T19:55:49+00:00","description":"En el encuentro, los expositores profundizaron en la contribuci\u00f3n de la IA en el combate a los incendios, la seguridad alimentaria y la salud p\u00fablica.","breadcrumb":{"@id":"https:\/\/amchamchile.cl\/en\/noticia\/amcham-aborda-el-uso-de-la-inteligencia-artificial-en-beneficio-de-la-sociedad\/#breadcrumb"},"inLanguage":"en-US","potentialAction":[{"@type":"ReadAction","target":["https:\/\/amchamchile.cl\/en\/noticia\/amcham-aborda-el-uso-de-la-inteligencia-artificial-en-beneficio-de-la-sociedad\/"]}]},{"@type":"ImageObject","inLanguage":"en-US","@id":"https:\/\/amchamchile.cl\/en\/noticia\/amcham-aborda-el-uso-de-la-inteligencia-artificial-en-beneficio-de-la-sociedad\/#primaryimage","url":"https:\/\/amchamchile.cl\/content\/uploads\/conversatorioia2.jpg","contentUrl":"https:\/\/amchamchile.cl\/content\/uploads\/conversatorioia2.jpg","width":1940,"height":1121},{"@type":"BreadcrumbList","@id":"https:\/\/amchamchile.cl\/en\/noticia\/amcham-aborda-el-uso-de-la-inteligencia-artificial-en-beneficio-de-la-sociedad\/#breadcrumb","itemListElement":[{"@type":"ListItem","position":1,"name":"Home","item":"https:\/\/amchamchile.cl\/en\/"},{"@type":"ListItem","position":2,"name":"AmCham aborda el uso de la inteligencia artificial en beneficio de la sociedad"}]},{"@type":"WebSite","@id":"https:\/\/amchamchile.cl\/#website","url":"https:\/\/amchamchile.cl\/","name":"AmCham Chile","description":"C\u00e1mara Chilena Norteamericana de Comercio","potentialAction":[{"@type":"SearchAction","target":{"@type":"EntryPoint","urlTemplate":"https:\/\/amchamchile.cl\/?s={search_term_string}"},"query-input":{"@type":"PropertyValueSpecification","valueRequired":true,"valueName":"search_term_string"}}],"inLanguage":"en-US"}]}},"_links":{"self":[{"href":"https:\/\/amchamchile.cl\/en\/wp-json\/wp\/v2\/news\/39054","targetHints":{"allow":["GET"]}}],"collection":[{"href":"https:\/\/amchamchile.cl\/en\/wp-json\/wp\/v2\/news"}],"about":[{"href":"https:\/\/amchamchile.cl\/en\/wp-json\/wp\/v2\/types\/news"}],"author":[{"embeddable":true,"href":"https:\/\/amchamchile.cl\/en\/wp-json\/wp\/v2\/users\/3"}],"version-history":[{"count":1,"href":"https:\/\/amchamchile.cl\/en\/wp-json\/wp\/v2\/news\/39054\/revisions"}],"predecessor-version":[{"id":39061,"href":"https:\/\/amchamchile.cl\/en\/wp-json\/wp\/v2\/news\/39054\/revisions\/39061"}],"wp:featuredmedia":[{"embeddable":true,"href":"https:\/\/amchamchile.cl\/en\/wp-json\/wp\/v2\/media\/39057"}],"wp:attachment":[{"href":"https:\/\/amchamchile.cl\/en\/wp-json\/wp\/v2\/media?parent=39054"}],"wp:term":[{"taxonomy":"news_tax","embeddable":true,"href":"https:\/\/amchamchile.cl\/en\/wp-json\/wp\/v2\/news_tax?post=39054"},{"taxonomy":"user_type","embeddable":true,"href":"https:\/\/amchamchile.cl\/en\/wp-json\/wp\/v2\/user_type?post=39054"}],"curies":[{"name":"wp","href":"https:\/\/api.w.org\/{rel}","templated":true}]}}