{"id":10281,"date":"2017-10-17T13:51:35","date_gmt":"2017-10-17T16:51:35","guid":{"rendered":"https:\/\/www.amchamchile.cl\/?p=154369"},"modified":"2017-10-17T13:51:35","modified_gmt":"2017-10-17T16:51:35","slug":"primer-taller-de-casio-academico-en-duoc-uc","status":"publish","type":"news","link":"https:\/\/amchamchile.cl\/en\/noticia\/primer-taller-de-casio-academico-en-duoc-uc\/","title":{"rendered":"[:es]Primer taller de Casio Acad\u00e9mico en Duoc UC[:]"},"content":{"rendered":"<p>[:es]<\/p>\n<ul>\n<li><strong><em>En el marco del convenio de cooperaci\u00f3n acad\u00e9mica entre ambas instituciones, se desarroll\u00f3 el primer ciclo de talleres para formar docentes en el uso de recursos tecnol\u00f3gicos.<\/em><\/strong><strong><em>\u00a0<\/em><\/strong><\/li>\n<\/ul>\n<p>Casio Acad\u00e9mico y el Instituto Profesional Duoc UC dieron el primer paso para consolidar su compromiso de mejorar la ense\u00f1anza de las matem\u00e1ticas, con primer ciclo de talleres de capacitaci\u00f3n para sus docentes llamado <em>\u201cEducaci\u00f3n matem\u00e1tica e inclusi\u00f3n de la tecnolog\u00eda\u201d.<\/em><\/p>\n<p>El programa educativo de Casio, marca representada en Chile por California S.A., es reconocido a nivel mundial por su contribuci\u00f3n al aprendizaje en el aula y beneficiar\u00e1 en forma directa a m\u00e1s de 35.000 estudiantes de la instituci\u00f3n.<\/p>\n<p>\u201cEl aporte de la tecnolog\u00eda es muy importante, pero el objetivo principal de este curso de capacitaci\u00f3n, adem\u00e1s de familiarizarse con la nueva calculadora Classwiz, es que los docentes replanteen su forma de ense\u00f1ar las matem\u00e1ticas y utilicen la tecnolog\u00eda como una herramienta efectiva y eficaz para ayudar a sus alumnos a entender y enfrentar mejor estos cursos\u201d, afirm\u00f3 Daniela Parada, docente de Casio Acad\u00e9mico Internacional y encargada de liderar el taller de capacitaci\u00f3n.<\/p>\n<p>El curso de nivelaci\u00f3n matem\u00e1tica es uno de los m\u00e1s masivos que imparte esta casa de estudio, por lo que el intercambio de conocimientos e ideas es fundamental. Leandro Guti\u00e9rrez, uno de los 45 profesores capacitados en este primer ciclo destac\u00f3: \u201cLa tecnolog\u00eda es algo que cambia la realidad constantemente. Por eso, el gran desaf\u00edo es tener espacios reflexivos, donde comprendamos la forma en que las distintas herramientas contribuyan a resolver problemas y su importancia como instrumento de aprendizaje\u201d.<\/p>\n<p>\u201cCasio apoya la inclusi\u00f3n de la tecnolog\u00eda de forma responsable, con conocimiento real y no como un simple dispositivo; porque las m\u00e1quinas no resuelven problemas. Lo imprescindible es generar espacios donde se comprenda por qu\u00e9 la tecnolog\u00eda sirve y d\u00f3nde es necesario implementarla\u201d, agreg\u00f3 C\u00e9sar Lau, Gerente de Negocios Acad\u00e9micos de Casio para Am\u00e9rica Latina.<\/p>\n<p>Adem\u00e1s del intercambio acad\u00e9mico, el acuerdo de cooperaci\u00f3n mutua entre Casio Acad\u00e9mico y Duoc UC incluye la realizaci\u00f3n de actividades como olimp\u00edadas de conocimiento para estudiantes, talleres, conferencias y coloquios.<\/p>\n<p><img loading=\"lazy\" decoding=\"async\" class=\"alignnone wp-image-154370 \" src=\"https:\/\/amchamchile.cl\/wp-content\/uploads\/2017\/10\/web_duoc_uc-1024x673.jpg\" alt=\"\" width=\"541\" height=\"366\" \/><br \/>\nDaniela Parada, docente Casio acad\u00e9mico Internacional; C\u00e9sar Lau, Academic Business Manager de Casio para Am\u00e9rica Latina y Valentina Etcheverry, Brand Manager de Casio.[:]<\/p>\n","protected":false},"excerpt":{"rendered":"<p>[:es] En el marco del convenio de cooperaci\u00f3n acad\u00e9mica entre ambas instituciones, se desarroll\u00f3 el primer ciclo de talleres para formar docentes en el uso de recursos tecnol\u00f3gicos.\u00a0 Casio Acad\u00e9mico y el Instituto Profesional Duoc UC dieron el primer paso para consolidar su compromiso de mejorar la ense\u00f1anza de las matem\u00e1ticas, con primer ciclo de [&hellip;]<\/p>\n","protected":false},"author":1,"featured_media":0,"parent":0,"template":"","news_tax":[],"user_type":[],"class_list":["post-10281","news","type-news","status-publish","hentry"],"acf":[],"yoast_head":"<!-- This site is optimized with the Yoast SEO plugin v27.2 - https:\/\/yoast.com\/product\/yoast-seo-wordpress\/ -->\n<title>[:es]Primer taller de Casio Acad\u00e9mico en Duoc UC[:] - AmCham Chile<\/title>\n<meta name=\"robots\" content=\"index, follow, max-snippet:-1, max-image-preview:large, max-video-preview:-1\" \/>\n<link rel=\"canonical\" href=\"https:\/\/amchamchile.cl\/noticia\/primer-taller-de-casio-academico-en-duoc-uc\/\" \/>\n<meta property=\"og:locale\" content=\"en_US\" \/>\n<meta property=\"og:type\" content=\"article\" \/>\n<meta property=\"og:title\" content=\"[:es]Primer taller de Casio Acad\u00e9mico en Duoc UC[:] - AmCham Chile\" \/>\n<meta property=\"og:description\" content=\"[:es] En el marco del convenio de cooperaci\u00f3n acad\u00e9mica entre ambas instituciones, se desarroll\u00f3 el primer ciclo de talleres para formar docentes en el uso de recursos tecnol\u00f3gicos.\u00a0 Casio Acad\u00e9mico y el Instituto Profesional Duoc UC dieron el primer paso para consolidar su compromiso de mejorar la ense\u00f1anza de las matem\u00e1ticas, con primer ciclo de [&hellip;]\" \/>\n<meta property=\"og:url\" content=\"https:\/\/amchamchile.cl\/noticia\/primer-taller-de-casio-academico-en-duoc-uc\/\" \/>\n<meta property=\"og:site_name\" content=\"AmCham Chile\" \/>\n<meta property=\"og:image\" content=\"https:\/\/amchamchile.cl\/wp-content\/uploads\/2017\/10\/web_duoc_uc-1024x673.jpg\" \/>\n<meta name=\"twitter:card\" content=\"summary_large_image\" \/>\n<meta name=\"twitter:label1\" content=\"Est. reading time\" \/>\n\t<meta name=\"twitter:data1\" content=\"2 minutes\" \/>\n<script type=\"application\/ld+json\" class=\"yoast-schema-graph\">{\"@context\":\"https:\/\/schema.org\",\"@graph\":[{\"@type\":\"WebPage\",\"@id\":\"https:\/\/amchamchile.cl\/noticia\/primer-taller-de-casio-academico-en-duoc-uc\/\",\"url\":\"https:\/\/amchamchile.cl\/noticia\/primer-taller-de-casio-academico-en-duoc-uc\/\",\"name\":\"[:es]Primer taller de Casio Acad\u00e9mico en Duoc UC[:] - AmCham Chile\",\"isPartOf\":{\"@id\":\"https:\/\/amchamchile.cl\/#website\"},\"primaryImageOfPage\":{\"@id\":\"https:\/\/amchamchile.cl\/noticia\/primer-taller-de-casio-academico-en-duoc-uc\/#primaryimage\"},\"image\":{\"@id\":\"https:\/\/amchamchile.cl\/noticia\/primer-taller-de-casio-academico-en-duoc-uc\/#primaryimage\"},\"thumbnailUrl\":\"https:\/\/amchamchile.cl\/wp-content\/uploads\/2017\/10\/web_duoc_uc-1024x673.jpg\",\"datePublished\":\"2017-10-17T16:51:35+00:00\",\"breadcrumb\":{\"@id\":\"https:\/\/amchamchile.cl\/noticia\/primer-taller-de-casio-academico-en-duoc-uc\/#breadcrumb\"},\"inLanguage\":\"en-US\",\"potentialAction\":[{\"@type\":\"ReadAction\",\"target\":[\"https:\/\/amchamchile.cl\/noticia\/primer-taller-de-casio-academico-en-duoc-uc\/\"]}]},{\"@type\":\"ImageObject\",\"inLanguage\":\"en-US\",\"@id\":\"https:\/\/amchamchile.cl\/noticia\/primer-taller-de-casio-academico-en-duoc-uc\/#primaryimage\",\"url\":\"https:\/\/amchamchile.cl\/wp-content\/uploads\/2017\/10\/web_duoc_uc-1024x673.jpg\",\"contentUrl\":\"https:\/\/amchamchile.cl\/wp-content\/uploads\/2017\/10\/web_duoc_uc-1024x673.jpg\"},{\"@type\":\"BreadcrumbList\",\"@id\":\"https:\/\/amchamchile.cl\/noticia\/primer-taller-de-casio-academico-en-duoc-uc\/#breadcrumb\",\"itemListElement\":[{\"@type\":\"ListItem\",\"position\":1,\"name\":\"Home\",\"item\":\"https:\/\/amchamchile.cl\/en\/\"},{\"@type\":\"ListItem\",\"position\":2,\"name\":\"[:es]Primer taller de Casio Acad\u00e9mico en Duoc UC[:]\"}]},{\"@type\":\"WebSite\",\"@id\":\"https:\/\/amchamchile.cl\/#website\",\"url\":\"https:\/\/amchamchile.cl\/\",\"name\":\"AmCham Chile\",\"description\":\"C\u00e1mara Chilena Norteamericana de Comercio\",\"potentialAction\":[{\"@type\":\"SearchAction\",\"target\":{\"@type\":\"EntryPoint\",\"urlTemplate\":\"https:\/\/amchamchile.cl\/?s={search_term_string}\"},\"query-input\":{\"@type\":\"PropertyValueSpecification\",\"valueRequired\":true,\"valueName\":\"search_term_string\"}}],\"inLanguage\":\"en-US\"}]}<\/script>\n<!-- \/ Yoast SEO plugin. -->","yoast_head_json":{"title":"[:es]Primer taller de Casio Acad\u00e9mico en Duoc UC[:] - AmCham Chile","robots":{"index":"index","follow":"follow","max-snippet":"max-snippet:-1","max-image-preview":"max-image-preview:large","max-video-preview":"max-video-preview:-1"},"canonical":"https:\/\/amchamchile.cl\/noticia\/primer-taller-de-casio-academico-en-duoc-uc\/","og_locale":"en_US","og_type":"article","og_title":"[:es]Primer taller de Casio Acad\u00e9mico en Duoc UC[:] - AmCham Chile","og_description":"[:es] En el marco del convenio de cooperaci\u00f3n acad\u00e9mica entre ambas instituciones, se desarroll\u00f3 el primer ciclo de talleres para formar docentes en el uso de recursos tecnol\u00f3gicos.\u00a0 Casio Acad\u00e9mico y el Instituto Profesional Duoc UC dieron el primer paso para consolidar su compromiso de mejorar la ense\u00f1anza de las matem\u00e1ticas, con primer ciclo de [&hellip;]","og_url":"https:\/\/amchamchile.cl\/noticia\/primer-taller-de-casio-academico-en-duoc-uc\/","og_site_name":"AmCham Chile","og_image":[{"url":"https:\/\/amchamchile.cl\/wp-content\/uploads\/2017\/10\/web_duoc_uc-1024x673.jpg","type":"","width":"","height":""}],"twitter_card":"summary_large_image","twitter_misc":{"Est. reading time":"2 minutes"},"schema":{"@context":"https:\/\/schema.org","@graph":[{"@type":"WebPage","@id":"https:\/\/amchamchile.cl\/noticia\/primer-taller-de-casio-academico-en-duoc-uc\/","url":"https:\/\/amchamchile.cl\/noticia\/primer-taller-de-casio-academico-en-duoc-uc\/","name":"[:es]Primer taller de Casio Acad\u00e9mico en Duoc UC[:] - AmCham Chile","isPartOf":{"@id":"https:\/\/amchamchile.cl\/#website"},"primaryImageOfPage":{"@id":"https:\/\/amchamchile.cl\/noticia\/primer-taller-de-casio-academico-en-duoc-uc\/#primaryimage"},"image":{"@id":"https:\/\/amchamchile.cl\/noticia\/primer-taller-de-casio-academico-en-duoc-uc\/#primaryimage"},"thumbnailUrl":"https:\/\/amchamchile.cl\/wp-content\/uploads\/2017\/10\/web_duoc_uc-1024x673.jpg","datePublished":"2017-10-17T16:51:35+00:00","breadcrumb":{"@id":"https:\/\/amchamchile.cl\/noticia\/primer-taller-de-casio-academico-en-duoc-uc\/#breadcrumb"},"inLanguage":"en-US","potentialAction":[{"@type":"ReadAction","target":["https:\/\/amchamchile.cl\/noticia\/primer-taller-de-casio-academico-en-duoc-uc\/"]}]},{"@type":"ImageObject","inLanguage":"en-US","@id":"https:\/\/amchamchile.cl\/noticia\/primer-taller-de-casio-academico-en-duoc-uc\/#primaryimage","url":"https:\/\/amchamchile.cl\/wp-content\/uploads\/2017\/10\/web_duoc_uc-1024x673.jpg","contentUrl":"https:\/\/amchamchile.cl\/wp-content\/uploads\/2017\/10\/web_duoc_uc-1024x673.jpg"},{"@type":"BreadcrumbList","@id":"https:\/\/amchamchile.cl\/noticia\/primer-taller-de-casio-academico-en-duoc-uc\/#breadcrumb","itemListElement":[{"@type":"ListItem","position":1,"name":"Home","item":"https:\/\/amchamchile.cl\/en\/"},{"@type":"ListItem","position":2,"name":"[:es]Primer taller de Casio Acad\u00e9mico en Duoc UC[:]"}]},{"@type":"WebSite","@id":"https:\/\/amchamchile.cl\/#website","url":"https:\/\/amchamchile.cl\/","name":"AmCham Chile","description":"C\u00e1mara Chilena Norteamericana de Comercio","potentialAction":[{"@type":"SearchAction","target":{"@type":"EntryPoint","urlTemplate":"https:\/\/amchamchile.cl\/?s={search_term_string}"},"query-input":{"@type":"PropertyValueSpecification","valueRequired":true,"valueName":"search_term_string"}}],"inLanguage":"en-US"}]}},"_links":{"self":[{"href":"https:\/\/amchamchile.cl\/en\/wp-json\/wp\/v2\/news\/10281","targetHints":{"allow":["GET"]}}],"collection":[{"href":"https:\/\/amchamchile.cl\/en\/wp-json\/wp\/v2\/news"}],"about":[{"href":"https:\/\/amchamchile.cl\/en\/wp-json\/wp\/v2\/types\/news"}],"author":[{"embeddable":true,"href":"https:\/\/amchamchile.cl\/en\/wp-json\/wp\/v2\/users\/1"}],"version-history":[{"count":0,"href":"https:\/\/amchamchile.cl\/en\/wp-json\/wp\/v2\/news\/10281\/revisions"}],"wp:attachment":[{"href":"https:\/\/amchamchile.cl\/en\/wp-json\/wp\/v2\/media?parent=10281"}],"wp:term":[{"taxonomy":"news_tax","embeddable":true,"href":"https:\/\/amchamchile.cl\/en\/wp-json\/wp\/v2\/news_tax?post=10281"},{"taxonomy":"user_type","embeddable":true,"href":"https:\/\/amchamchile.cl\/en\/wp-json\/wp\/v2\/user_type?post=10281"}],"curies":[{"name":"wp","href":"https:\/\/api.w.org\/{rel}","templated":true}]}}